{"id":41866,"date":"2026-09-01T08:33:49","date_gmt":"2026-09-01T12:33:49","guid":{"rendered":"https:\/\/www.folhaderondonianews.com\/news\/?p=41866"},"modified":"2026-09-01T08:33:49","modified_gmt":"2026-09-01T12:33:49","slug":"economia-brasileira-cresce-05-no-segundo-trimestre","status":"publish","type":"post","link":"https:\/\/www.folhaderondonianews.com\/news\/2026\/09\/01\/economia-brasileira-cresce-05-no-segundo-trimestre\/","title":{"rendered":"Economia brasileira cresce 0,5% no segundo trimestre, mostra IBGE"},"content":{"rendered":"<h2>No acumulado de quatro trimestres, o PIB teve expans\u00e3o de 1,9%.\u00a0 Os dados foram divulgados nesta ter\u00e7a-feira pelo IBGE.<\/h2>\n<p><strong>ABr &#8211;<\/strong> A economia brasileira cresceu 0,5% no segundo trimestre de 2026 na compara\u00e7\u00e3o com o primeiro trimestre. <img decoding=\"async\" data-src=\"https:\/\/agenciabrasil.ebc.com.br\/ebc.png?id=1701219&amp;o=node\" src=\"data:image\/svg+xml;base64,PHN2ZyB3aWR0aD0iMSIgaGVpZ2h0PSIxIiB4bWxucz0iaHR0cDovL3d3dy53My5vcmcvMjAwMC9zdmciPjwvc3ZnPg==\" class=\"lazyload\" \/><img decoding=\"async\" data-src=\"https:\/\/agenciabrasil.ebc.com.br\/ebc.gif?id=1701219&amp;o=node\" src=\"data:image\/svg+xml;base64,PHN2ZyB3aWR0aD0iMSIgaGVpZ2h0PSIxIiB4bWxucz0iaHR0cDovL3d3dy53My5vcmcvMjAwMC9zdmciPjwvc3ZnPg==\" class=\"lazyload\" \/><\/p>\n<p><strong>\u00a0Em rela\u00e7\u00e3o ao segundo trimestre de 2025, o Produto Interno Bruto (PIB), conjunto dos bens e servi\u00e7os produzidos no pa\u00eds, apresenta alta de 2%.<\/strong><\/p>\n<p>No acumulado de quatro trimestres, o PIB teve expans\u00e3o de 1,9%.<\/p>\n<p>Os dados foram divulgados nesta ter\u00e7a-feira (1\u00ba) pelo\u00a0<a href=\"https:\/\/agenciabrasil.ebc.com.br\/tags\/ibge\" target=\"_blank\" rel=\"noopener\">Instituto Brasileiro de Geografia e Estat\u00edstica<\/a>\u00a0(IBGE).<\/p>\n<p><strong>De acordo com o instituto, o PIB chegou\u00a0a R$ 3,4\u00a0trilh\u00f5es no segundo trimestre.\u00a0<\/strong><\/p>\n<p><strong>O\u00a0<a href=\"https:\/\/www.bcb.gov.br\/content\/focus\/focus\/R20260828.pdf\" target=\"_blank\" rel=\"noopener\">boletim Focus<\/a>, sondagem do Banco Central (BC) com institui\u00e7\u00f5es do mercado financeiro, divulgado nesta segunda-feira (31), projeta que 2026 deve terminar com crescimento do PIB de 1,92%.\u00a0<\/strong><\/p>\n<h2>\u00a0O que \u00e9 o PIB<\/h2>\n<p>O PIB \u00e9 o conjunto de todos os bens e servi\u00e7os produzidos em uma localidade em determinado per\u00edodo. Com o dado, \u00e9 poss\u00edvel tra\u00e7ar o comportamento da economia do pa\u00eds, estado ou cidade, assim como fazer compara\u00e7\u00f5es internacionais.<\/p>\n<p><strong>O PIB \u00e9 calculado com o aux\u00edlio de diversas pesquisas setoriais, como com\u00e9rcio, servi\u00e7os e ind\u00fastria.\u00a0\u00a0<\/strong><\/p>\n<p>Durante o c\u00e1lculo, h\u00e1 cuidados para n\u00e3o haver dupla contagem. Um exemplo: se um pa\u00eds produz R$ 100 de trigo, R$ 200 de farinha de trigo e R$ 300 de p\u00e3o, o PIB ser\u00e1 de R$ 300, pois os valores da farinha e do trigo j\u00e1 est\u00e3o embutidos no valor do p\u00e3o.<\/p>\n<p><strong>Os bens e servi\u00e7os finais que comp\u00f5em o PIB s\u00e3o medidos no pre\u00e7o em que chegam ao consumidor. Dessa forma, levam em considera\u00e7\u00e3o tamb\u00e9m os impostos cobrados.\u00a0\u00a0\u00a0<\/strong><\/p>\n<p>O PIB ajuda a compreender a realidade de um pa\u00eds, mas n\u00e3o expressa fatores como distribui\u00e7\u00e3o de renda e condi\u00e7\u00e3o de vida. \u00c9 poss\u00edvel, por exemplo, um pa\u00eds ter PIB alto e padr\u00e3o de vida relativamente baixo, assim como pode haver na\u00e7\u00e3o com PIB baixo e alt\u00edssima qualidade de vida.<\/p>\n","protected":false},"excerpt":{"rendered":"<div class=\"mh-excerpt\"><p>No acumulado de quatro trimestres, o PIB teve expans\u00e3o de 1,9%.\u00a0 Os dados foram divulgados nesta ter\u00e7a-feira pelo IBGE.<\/p>\n<\/div>","protected":false},"author":1,"featured_media":41867,"comment_status":"open","ping_status":"closed","sticky":false,"template":"","format":"standard","meta":{"footnotes":""},"categories":[9],"tags":[280,1532,257],"class_list":["post-41866","post","type-post","status-publish","format-standard","has-post-thumbnail","hentry","category-politica","tag-brasil","tag-folhaderondonianews","tag-pib"],"_links":{"self":[{"href":"https:\/\/www.folhaderondonianews.com\/news\/wp-json\/wp\/v2\/posts\/41866","targetHints":{"allow":["GET"]}}],"collection":[{"href":"https:\/\/www.folhaderondonianews.com\/news\/wp-json\/wp\/v2\/posts"}],"about":[{"href":"https:\/\/www.folhaderondonianews.com\/news\/wp-json\/wp\/v2\/types\/post"}],"author":[{"embeddable":true,"href":"https:\/\/www.folhaderondonianews.com\/news\/wp-json\/wp\/v2\/users\/1"}],"replies":[{"embeddable":true,"href":"https:\/\/www.folhaderondonianews.com\/news\/wp-json\/wp\/v2\/comments?post=41866"}],"version-history":[{"count":1,"href":"https:\/\/www.folhaderondonianews.com\/news\/wp-json\/wp\/v2\/posts\/41866\/revisions"}],"predecessor-version":[{"id":41868,"href":"https:\/\/www.folhaderondonianews.com\/news\/wp-json\/wp\/v2\/posts\/41866\/revisions\/41868"}],"wp:featuredmedia":[{"embeddable":true,"href":"https:\/\/www.folhaderondonianews.com\/news\/wp-json\/wp\/v2\/media\/41867"}],"wp:attachment":[{"href":"https:\/\/www.folhaderondonianews.com\/news\/wp-json\/wp\/v2\/media?parent=41866"}],"wp:term":[{"taxonomy":"category","embeddable":true,"href":"https:\/\/www.folhaderondonianews.com\/news\/wp-json\/wp\/v2\/categories?post=41866"},{"taxonomy":"post_tag","embeddable":true,"href":"https:\/\/www.folhaderondonianews.com\/news\/wp-json\/wp\/v2\/tags?post=41866"}],"curies":[{"name":"wp","href":"https:\/\/api.w.org\/{rel}","templated":true}]}}