{"id":41872,"date":"2026-08-03T11:35:43","date_gmt":"2026-08-03T15:35:43","guid":{"rendered":"https:\/\/www.folhaderondonianews.com\/news\/?p=41872"},"modified":"2026-09-01T11:46:01","modified_gmt":"2026-09-01T15:46:01","slug":"hildon-chaves-e-cirone-deiro-serao-aclamados-hoje-em-porto-velho","status":"publish","type":"post","link":"https:\/\/www.folhaderondonianews.com\/news\/2026\/08\/03\/hildon-chaves-e-cirone-deiro-serao-aclamados-hoje-em-porto-velho\/","title":{"rendered":"Hildon Chaves e Cirone Deir\u00f3 ser\u00e3o aclamados hoje, em Porto Velho"},"content":{"rendered":"<h2><em>Hildon Chaves, Cirone Deir\u00f3, Silvia Cristina e Mariana Carvalho atender\u00e3o a imprensa \u00e0s 17h30, antes da abertura oficial da Conven\u00e7\u00e3o da Federa\u00e7\u00e3o Uni\u00e3o Progressistas que vai oficializar as candidaturas ao Governo e Senado.<\/em><\/h2>\n<p>&nbsp;<\/p>\n<p>A federa\u00e7\u00e3o de partidos formada por Uni\u00e3o Brasil e Progressistas oficializa hoje (3) as candidaturas de Hildon Chaves e Cirone Deir\u00f3 ao Governo do Estado e de Silvia Cristina e Mariana Carvalho ao Senado para a disputa das elei\u00e7\u00f5es do m\u00eas de outubro. Antes da conven\u00e7\u00e3o partid\u00e1ria, haver\u00e1 uma coletiva de imprensa, \u00e0s 17h30, quando os pr\u00e9-candidatos ir\u00e3o falar a respeito da conven\u00e7\u00e3o de hoje e perspectivas para o futuro de Rond\u00f4nia. A conven\u00e7\u00e3o tamb\u00e9m vai oficializar os candidatos que ir\u00e3o disputar as oito vagas para deputado federal e as 24 vagas para deputado estadual. O encontro ser\u00e1 realizado no audit\u00f3rio da Unopar, no bairro da Lagoa, em Porto Velho.<\/p>\n<p>&nbsp;<\/p>\n<p>As conven\u00e7\u00f5es partid\u00e1rias marcam uma das etapas mais importantes do calend\u00e1rio eleitoral. \u00c9 o momento em que os partidos elegem oficialmente seus candidatos e candidatas para disputar as elei\u00e7\u00f5es, por meio dos votos de seus filiados, e tamb\u00e9m de decidir sobre coliga\u00e7\u00f5es para os cargos majorit\u00e1rios e estrat\u00e9gias eleitorais. Ap\u00f3s a conven\u00e7\u00e3o, os partidos devem fazer o registro das candidaturas na Justi\u00e7a Eleitoral at\u00e9 15 de agosto. As elei\u00e7\u00f5es est\u00e3o marcadas para o dia quatro de outubro.<\/p>\n<p>&nbsp;<\/p>\n<p>Hildon destacou a import\u00e2ncia de reunir homens e mulheres de bem, aptos a trabalhar com a efici\u00eancia e a honestidade necess\u00e1rias. \u201cCirone \u00e9 uma das figuras mais queridas e admiradas em todo o nosso Estado, temos muitos pontos em comum, pois ele tamb\u00e9m \u00e9 um empres\u00e1rio de muito sucesso, sempre muito respeitado dentro e fora do setor produtivo, e que entrou para a pol\u00edtica com os mesmos objetivos, ou seja, contribuir para a melhoria da qualidade de vida da nossa popula\u00e7\u00e3o\u201d, elogiou Hildon.<\/p>\n<p>&nbsp;<\/p>\n<p>Hildon ressaltou seu apoio incondicional \u00e0 presen\u00e7a das mulheres na pol\u00edtica. \u201cHoje temos o apoio da Mariana Carvalho e da Silvia Cristina, que s\u00e3o dois nomes fort\u00edssimos nesta campanha, ambas com atua\u00e7\u00f5es destacadas na C\u00e2mara Federal em prol da popula\u00e7\u00e3o rondoniense\u201d, destacou.<\/p>\n<p>&nbsp;<\/p>\n<p>\u201cA Silvia Cristina faz um trabalho bel\u00edssimo, ela se especializou em cuidar das pessoas, da sa\u00fade, dos hospitais. E a Mariana Carvalho \u00e9 um \u00edcone da nossa pol\u00edtica, foi uma grande parceira da prefeitura de Porto Velho nas minhas duas gest\u00f5es. Por exemplo, mais da metade dos recursos para a constru\u00e7\u00e3o da nova rodovi\u00e1ria vieram pela Mariana. Mas n\u00e3o s\u00f3 isso, praticamente tudo que fizemos de bom em nossa capital teve a participa\u00e7\u00e3o da Mariana. Ent\u00e3o esse grupo pol\u00edtico, com homens e mulheres de bem, est\u00e1 motivado para trabalhar em prol do nosso estado\u201d, explicou.<\/p>\n<p>&nbsp;<\/p>\n<p>CONVITE \u00c0 IMPRENSA<\/p>\n<p>&nbsp;<\/p>\n<p>ENTREVISTA COLETIVA DOS CANDIDATOS<\/p>\n<p>DIA 03 DE AGOSTO<\/p>\n<p>SEGUNDA-FEIRA<\/p>\n<p>HOR\u00c1RIO: 17H30 (ANTES DA ABERTURA OFICIAL)<\/p>\n<p>AUDIT\u00d3RIO DA UNOPAR<\/p>\n<p>BAIRRO DA LAGOA<\/p>\n<p>PORTO VELHO\/RO<\/p>\n<p>&nbsp;<\/p>\n<p>&nbsp;<\/p>\n<p>&nbsp;<\/p>\n<p>&nbsp;<\/p>\n","protected":false},"excerpt":{"rendered":"<div class=\"mh-excerpt\"><p>Hildon Chaves, Cirone Deir\u00f3, Silvia Cristina e Mariana Carvalho atender\u00e3o a imprensa \u00e0s 17h30, antes da abertura oficial da Conven\u00e7\u00e3o da Federa\u00e7\u00e3o Uni\u00e3o Progressistas que vai oficializar as candidaturas ao Governo e Senado.<\/p>\n<\/div>","protected":false},"author":1,"featured_media":41873,"comment_status":"open","ping_status":"closed","sticky":false,"template":"","format":"standard","meta":{"footnotes":""},"categories":[9],"tags":[2647,1401],"class_list":["post-41872","post","type-post","status-publish","format-standard","has-post-thumbnail","hentry","category-politica","tag-hildon-chaves","tag-silvia-cristina"],"_links":{"self":[{"href":"https:\/\/www.folhaderondonianews.com\/news\/wp-json\/wp\/v2\/posts\/41872","targetHints":{"allow":["GET"]}}],"collection":[{"href":"https:\/\/www.folhaderondonianews.com\/news\/wp-json\/wp\/v2\/posts"}],"about":[{"href":"https:\/\/www.folhaderondonianews.com\/news\/wp-json\/wp\/v2\/types\/post"}],"author":[{"embeddable":true,"href":"https:\/\/www.folhaderondonianews.com\/news\/wp-json\/wp\/v2\/users\/1"}],"replies":[{"embeddable":true,"href":"https:\/\/www.folhaderondonianews.com\/news\/wp-json\/wp\/v2\/comments?post=41872"}],"version-history":[{"count":1,"href":"https:\/\/www.folhaderondonianews.com\/news\/wp-json\/wp\/v2\/posts\/41872\/revisions"}],"predecessor-version":[{"id":41874,"href":"https:\/\/www.folhaderondonianews.com\/news\/wp-json\/wp\/v2\/posts\/41872\/revisions\/41874"}],"wp:featuredmedia":[{"embeddable":true,"href":"https:\/\/www.folhaderondonianews.com\/news\/wp-json\/wp\/v2\/media\/41873"}],"wp:attachment":[{"href":"https:\/\/www.folhaderondonianews.com\/news\/wp-json\/wp\/v2\/media?parent=41872"}],"wp:term":[{"taxonomy":"category","embeddable":true,"href":"https:\/\/www.folhaderondonianews.com\/news\/wp-json\/wp\/v2\/categories?post=41872"},{"taxonomy":"post_tag","embeddable":true,"href":"https:\/\/www.folhaderondonianews.com\/news\/wp-json\/wp\/v2\/tags?post=41872"}],"curies":[{"name":"wp","href":"https:\/\/api.w.org\/{rel}","templated":true}]}}