{"id":41875,"date":"2026-08-05T11:51:01","date_gmt":"2026-08-05T15:51:01","guid":{"rendered":"https:\/\/www.folhaderondonianews.com\/news\/?p=41875"},"modified":"2026-09-01T11:55:32","modified_gmt":"2026-09-01T15:55:32","slug":"hildon-chaves-vou-governar-com-o-povo-ao-lado-de-homens-e-mulheres-de-bem","status":"publish","type":"post","link":"https:\/\/www.folhaderondonianews.com\/news\/2026\/08\/05\/hildon-chaves-vou-governar-com-o-povo-ao-lado-de-homens-e-mulheres-de-bem\/","title":{"rendered":"Hildon Chaves: &#8216;Vou governar com o povo, ao lado de homens e mulheres de bem!&#8217;"},"content":{"rendered":"<h2><em>Durante a conven\u00e7\u00e3o que homologou seu nome e o de Cirone Deir\u00f3 como candidatos ao Governo do Estado, Hildon Chaves declarou que vai \u201cgovernar em prol da popula\u00e7\u00e3o, tendo ao lado homens e mulheres de bem\u201d<\/em><\/h2>\n<p>&nbsp;<\/p>\n<p>O candidato ao Governo do Estado, Hildon Chaves (Federa\u00e7\u00e3o Uni\u00e3o Progressistas), destacou que est\u00e1 iniciando sua caminhada rumo ao Pal\u00e1cio Rio Madeira \u201ctendo ao lado um grupo formado por mulheres e homens de bem\u201d. A declara\u00e7\u00e3o foi dada durante a conven\u00e7\u00e3o partid\u00e1ria de segunda-feira (3), que oficializou o seu nome e o de seu vice, Cirone Deir\u00f3, para as elei\u00e7\u00f5es ao Governo do Estado, e os nomes de Mariana Carvalho e Silvia Cristina ao Senado Federal.<\/p>\n<p>&nbsp;<\/p>\n<p>\u201cNosso grupo est\u00e1 inserido numa grande frente partid\u00e1ria, mas a nossa maior alian\u00e7a sempre ser\u00e1 com o povo, com as pessoas que trabalham, estudam e fazem com que Rond\u00f4nia seja melhor todos os dias\u201d, disse Hildon, que fez uma ressalva: \u201cO Governo do Estado est\u00e1 numa situa\u00e7\u00e3o pr\u00e9-falimentar, est\u00e3o vendendo o almo\u00e7o para pagar o jantar, e o futuro governador ter\u00e1 grandes dificuldades para gerenciar o Estado no ano que vem\u201d, disparou.<\/p>\n<p>&nbsp;<\/p>\n<p>Hildon, por\u00e9m, destacou que tanto ele quanto seu vice, Cirone Deir\u00f3, possuem larga experi\u00eancia em gest\u00e3o administrativa, pois s\u00e3o empres\u00e1rios de sucesso, e vieram para a pol\u00edtica com o \u00fanico intuito de colaborar para o desenvolvimento de Rond\u00f4nia\u201d, ressaltou. \u201cSomos gratos a tudo que esse nosso Estado nos proporcionou, e no que depender da gente, se formos eleitos, vamos fazer ainda mais pelo nosso povo\u201d.<\/p>\n<p>&nbsp;<\/p>\n<p>SENADORAS<\/p>\n<p>&nbsp;<\/p>\n<p>Hildon tamb\u00e9m fez quest\u00e3o de destacar seu apoio incondicional \u00e0 presen\u00e7a das mulheres na pol\u00edtica. \u201cHoje temos ao nosso lado a Mariana Carvalho e da Silvia Cristina, que s\u00e3o dois nomes fort\u00edssimos para o Senado, ambas com atua\u00e7\u00f5es destacadas na C\u00e2mara Federal em prol da popula\u00e7\u00e3o rondoniense\u201d, lembrou.<\/p>\n<p>&nbsp;<\/p>\n<p>\u201cA Silvia Cristina faz um trabalho bel\u00edssimo, ela se especializou em cuidar das pessoas, da sa\u00fade, dos hospitais\u201d, enquanto que a Mariana \u00e9 um \u00edcone da nossa pol\u00edtica, foi uma grande parceira da prefeitura de Porto Velho nas minhas duas gest\u00f5es\u201d, afirmou. \u201cGrande parte dos recursos para a constru\u00e7\u00e3o da nova rodovi\u00e1ria vieram pela Mariana. Praticamente tudo que fizemos de bom em nossa capital teve a participa\u00e7\u00e3o dela. Esse grupo pol\u00edtico, com homens e mulheres de bem, est\u00e1 supermotivado para trabalhar, todos juntos, em prol do nosso estado\u201d.<\/p>\n<p>&nbsp;<\/p>\n","protected":false},"excerpt":{"rendered":"<div class=\"mh-excerpt\"><p>Durante a conven\u00e7\u00e3o que homologou seu nome e o de Cirone Deir\u00f3 como candidatos ao Governo do Estado, Hildon Chaves declarou que vai \u201cgovernar em prol da popula\u00e7\u00e3o, tendo ao lado homens e mulheres de bem\u201d<\/p>\n<\/div>","protected":false},"author":1,"featured_media":41876,"comment_status":"open","ping_status":"closed","sticky":false,"template":"","format":"standard","meta":{"footnotes":""},"categories":[9],"tags":[2647],"class_list":["post-41875","post","type-post","status-publish","format-standard","has-post-thumbnail","hentry","category-politica","tag-hildon-chaves"],"_links":{"self":[{"href":"https:\/\/www.folhaderondonianews.com\/news\/wp-json\/wp\/v2\/posts\/41875","targetHints":{"allow":["GET"]}}],"collection":[{"href":"https:\/\/www.folhaderondonianews.com\/news\/wp-json\/wp\/v2\/posts"}],"about":[{"href":"https:\/\/www.folhaderondonianews.com\/news\/wp-json\/wp\/v2\/types\/post"}],"author":[{"embeddable":true,"href":"https:\/\/www.folhaderondonianews.com\/news\/wp-json\/wp\/v2\/users\/1"}],"replies":[{"embeddable":true,"href":"https:\/\/www.folhaderondonianews.com\/news\/wp-json\/wp\/v2\/comments?post=41875"}],"version-history":[{"count":1,"href":"https:\/\/www.folhaderondonianews.com\/news\/wp-json\/wp\/v2\/posts\/41875\/revisions"}],"predecessor-version":[{"id":41877,"href":"https:\/\/www.folhaderondonianews.com\/news\/wp-json\/wp\/v2\/posts\/41875\/revisions\/41877"}],"wp:featuredmedia":[{"embeddable":true,"href":"https:\/\/www.folhaderondonianews.com\/news\/wp-json\/wp\/v2\/media\/41876"}],"wp:attachment":[{"href":"https:\/\/www.folhaderondonianews.com\/news\/wp-json\/wp\/v2\/media?parent=41875"}],"wp:term":[{"taxonomy":"category","embeddable":true,"href":"https:\/\/www.folhaderondonianews.com\/news\/wp-json\/wp\/v2\/categories?post=41875"},{"taxonomy":"post_tag","embeddable":true,"href":"https:\/\/www.folhaderondonianews.com\/news\/wp-json\/wp\/v2\/tags?post=41875"}],"curies":[{"name":"wp","href":"https:\/\/api.w.org\/{rel}","templated":true}]}}