{"id":41878,"date":"2026-08-28T12:08:14","date_gmt":"2026-08-28T16:08:14","guid":{"rendered":"https:\/\/www.folhaderondonianews.com\/news\/?p=41878"},"modified":"2026-09-01T12:09:39","modified_gmt":"2026-09-01T16:09:39","slug":"hildon-programa-de-tv-producao","status":"publish","type":"post","link":"https:\/\/www.folhaderondonianews.com\/news\/2026\/08\/28\/hildon-programa-de-tv-producao\/","title":{"rendered":"Hildon e Cirone abrem propaganda na TV destacando a for\u00e7a de quem trabalha e produz"},"content":{"rendered":"<h2><i>Primeiro programa da Federa\u00e7\u00e3o Uni\u00e3o Progressista ao Governo do Estado aposta em mensagem propositiva e apresenta as riquezas produzidas de Norte a Sul de Rond\u00f4nia.<\/i><\/h2>\n<p>No primeiro dia da propaganda eleitoral gratuita na televis\u00e3o, Hildon Chaves e Cirone Deir\u00f3 destacaram a for\u00e7a do trabalho dos rondonienses e a capacidade produtiva de Rond\u00f4nia.<\/p>\n<p>O programa mostrou, em ritmo din\u00e2mico, diferentes atividades que movimentam a economia nos munic\u00edpios, com destaque para quem trabalha no campo, produz, empreende e ajuda a construir a riqueza do estado.<\/p>\n<p>Para a estreia, a campanha da Federa\u00e7\u00e3o Uni\u00e3o Progressista optou por uma mensagem leve e propositiva, apresentando Rond\u00f4nia a partir de suas potencialidades e das pessoas que fazem o estado avan\u00e7ar.<\/p>\n<p>Nos pr\u00f3ximos programas, Hildon deve avan\u00e7ar sobre as propostas do Plano de Governo. Entre as prioridades est\u00e3o a recupera\u00e7\u00e3o da sa\u00fade p\u00fablica, seguran\u00e7a, gera\u00e7\u00e3o de emprego e renda, educa\u00e7\u00e3o e as medidas previstas para os primeiros 100 dias de uma eventual gest\u00e3o.<\/p>\n<p>A estrat\u00e9gia \u00e9 apresentar gradualmente os compromissos da chapa e mostrar como Hildon e Cirone pretendem enfrentar problemas hist\u00f3ricos do estado, associando experi\u00eancia de gest\u00e3o, planejamento e resultados \u00e0s propostas para Rond\u00f4nia.<\/p>\n<p aria-hidden=\"true\">\n","protected":false},"excerpt":{"rendered":"<div class=\"mh-excerpt\"><p>Primeiro programa da Federa\u00e7\u00e3o Uni\u00e3o Progressista ao Governo do Estado aposta em mensagem propositiva e apresenta as riquezas produzidas de Norte a Sul de Rond\u00f4nia.<\/p>\n<\/div>","protected":false},"author":1,"featured_media":41880,"comment_status":"open","ping_status":"closed","sticky":false,"template":"","format":"standard","meta":{"footnotes":""},"categories":[9],"tags":[1412],"class_list":["post-41878","post","type-post","status-publish","format-standard","has-post-thumbnail","hentry","category-politica","tag-hildon"],"_links":{"self":[{"href":"https:\/\/www.folhaderondonianews.com\/news\/wp-json\/wp\/v2\/posts\/41878","targetHints":{"allow":["GET"]}}],"collection":[{"href":"https:\/\/www.folhaderondonianews.com\/news\/wp-json\/wp\/v2\/posts"}],"about":[{"href":"https:\/\/www.folhaderondonianews.com\/news\/wp-json\/wp\/v2\/types\/post"}],"author":[{"embeddable":true,"href":"https:\/\/www.folhaderondonianews.com\/news\/wp-json\/wp\/v2\/users\/1"}],"replies":[{"embeddable":true,"href":"https:\/\/www.folhaderondonianews.com\/news\/wp-json\/wp\/v2\/comments?post=41878"}],"version-history":[{"count":2,"href":"https:\/\/www.folhaderondonianews.com\/news\/wp-json\/wp\/v2\/posts\/41878\/revisions"}],"predecessor-version":[{"id":41882,"href":"https:\/\/www.folhaderondonianews.com\/news\/wp-json\/wp\/v2\/posts\/41878\/revisions\/41882"}],"wp:featuredmedia":[{"embeddable":true,"href":"https:\/\/www.folhaderondonianews.com\/news\/wp-json\/wp\/v2\/media\/41880"}],"wp:attachment":[{"href":"https:\/\/www.folhaderondonianews.com\/news\/wp-json\/wp\/v2\/media?parent=41878"}],"wp:term":[{"taxonomy":"category","embeddable":true,"href":"https:\/\/www.folhaderondonianews.com\/news\/wp-json\/wp\/v2\/categories?post=41878"},{"taxonomy":"post_tag","embeddable":true,"href":"https:\/\/www.folhaderondonianews.com\/news\/wp-json\/wp\/v2\/tags?post=41878"}],"curies":[{"name":"wp","href":"https:\/\/api.w.org\/{rel}","templated":true}]}}