{"id":41883,"date":"2026-08-31T12:13:35","date_gmt":"2026-08-31T16:13:35","guid":{"rendered":"https:\/\/www.folhaderondonianews.com\/news\/?p=41883"},"modified":"2026-09-01T12:17:59","modified_gmt":"2026-09-01T16:17:59","slug":"hildon-chaves-e-ivo-cassol","status":"publish","type":"post","link":"https:\/\/www.folhaderondonianews.com\/news\/2026\/08\/31\/hildon-chaves-e-ivo-cassol\/","title":{"rendered":"Cassol relembra atua\u00e7\u00e3o de Hildon na sa\u00fade e parceria constru\u00edda antes da vida pol\u00edtica"},"content":{"rendered":"<h2><em>Ex-governador destacou rela\u00e7\u00e3o de longa data com Hildon Chaves e recordou per\u00edodo em que o ent\u00e3o promotor buscava solu\u00e7\u00f5es para problemas enfrentados pela popula\u00e7\u00e3o de Porto Velho<\/em><\/h2>\n<p>&nbsp;<\/p>\n<p>A rela\u00e7\u00e3o entre Hildon Chaves (Uni\u00e3o Brasil) e o ex-governador Ivo Cassol (PP) atravessa diferentes momentos da hist\u00f3ria pol\u00edtica de Rond\u00f4nia e come\u00e7ou antes mesmo de Hildon disputar seu primeiro cargo eletivo. Em encontro recente entre os dois, Cassol relembrou o per\u00edodo em que comandava o Governo do Estado e Hildon ainda atuava como promotor de Justi\u00e7a, destacando principalmente sua preocupa\u00e7\u00e3o com a situa\u00e7\u00e3o da sa\u00fade p\u00fablica.<\/p>\n<p>&nbsp;<\/p>\n<p>Cassol relembrou que a preocupa\u00e7\u00e3o de Hildon com a sa\u00fade p\u00fablica vem de antes da vida eleitoral. \u201cQuando eu fui governador, o Hildon n\u00e3o era s\u00f3 promotor de Justi\u00e7a, mas uma pessoa preocupada com a sa\u00fade de Rond\u00f4nia, principalmente Porto Velho e os hospitais\u201d, afirmou.<\/p>\n<p>&nbsp;<\/p>\n<p>Segundo o ex-governador, os dois mantiveram uma rela\u00e7\u00e3o de parceria na busca por solu\u00e7\u00f5es e, anos depois, essa atua\u00e7\u00e3o teve continuidade na Prefeitura de Porto Velho, onde Hildon ampliou investimentos, estrutura e servi\u00e7os da rede municipal de sa\u00fade. \u201cO prefeito Hildon fez um bom trabalho em Porto Velho\u201d, destacou Cassol.<\/p>\n<p>&nbsp;<\/p>\n<p>Agora candidato ao Governo de Rond\u00f4nia, Hildon tem colocado experi\u00eancia administrativa, capacidade de articula\u00e7\u00e3o e execu\u00e7\u00e3o como pontos centrais de sua proposta para o Estado. No encontro, Cassol relacionou justamente essa trajet\u00f3ria ao desafio de governar Rond\u00f4nia. \u201cO teu compromisso que voc\u00ea sempre teve com as pessoas \u00e9 o mesmo compromisso que, chegando ao Governo do Estado, o Hildon Chaves vai ter\u201d, disse, ao desejar sucesso na caminhada.<\/p>\n","protected":false},"excerpt":{"rendered":"<div class=\"mh-excerpt\"><p>Ex-governador destacou rela\u00e7\u00e3o de longa data com Hildon Chaves e recordou per\u00edodo em que o ent\u00e3o promotor buscava solu\u00e7\u00f5es para problemas enfrentados pela popula\u00e7\u00e3o de Porto Velho<\/p>\n<\/div>","protected":false},"author":1,"featured_media":41884,"comment_status":"open","ping_status":"closed","sticky":false,"template":"","format":"standard","meta":{"footnotes":""},"categories":[9],"tags":[2647,1094],"class_list":["post-41883","post","type-post","status-publish","format-standard","has-post-thumbnail","hentry","category-politica","tag-hildon-chaves","tag-ivo-cassol"],"_links":{"self":[{"href":"https:\/\/www.folhaderondonianews.com\/news\/wp-json\/wp\/v2\/posts\/41883","targetHints":{"allow":["GET"]}}],"collection":[{"href":"https:\/\/www.folhaderondonianews.com\/news\/wp-json\/wp\/v2\/posts"}],"about":[{"href":"https:\/\/www.folhaderondonianews.com\/news\/wp-json\/wp\/v2\/types\/post"}],"author":[{"embeddable":true,"href":"https:\/\/www.folhaderondonianews.com\/news\/wp-json\/wp\/v2\/users\/1"}],"replies":[{"embeddable":true,"href":"https:\/\/www.folhaderondonianews.com\/news\/wp-json\/wp\/v2\/comments?post=41883"}],"version-history":[{"count":1,"href":"https:\/\/www.folhaderondonianews.com\/news\/wp-json\/wp\/v2\/posts\/41883\/revisions"}],"predecessor-version":[{"id":41885,"href":"https:\/\/www.folhaderondonianews.com\/news\/wp-json\/wp\/v2\/posts\/41883\/revisions\/41885"}],"wp:featuredmedia":[{"embeddable":true,"href":"https:\/\/www.folhaderondonianews.com\/news\/wp-json\/wp\/v2\/media\/41884"}],"wp:attachment":[{"href":"https:\/\/www.folhaderondonianews.com\/news\/wp-json\/wp\/v2\/media?parent=41883"}],"wp:term":[{"taxonomy":"category","embeddable":true,"href":"https:\/\/www.folhaderondonianews.com\/news\/wp-json\/wp\/v2\/categories?post=41883"},{"taxonomy":"post_tag","embeddable":true,"href":"https:\/\/www.folhaderondonianews.com\/news\/wp-json\/wp\/v2\/tags?post=41883"}],"curies":[{"name":"wp","href":"https:\/\/api.w.org\/{rel}","templated":true}]}}