{"id":41891,"date":"2026-09-02T09:20:43","date_gmt":"2026-09-02T13:20:43","guid":{"rendered":"https:\/\/www.folhaderondonianews.com\/news\/?p=41891"},"modified":"2026-09-02T09:20:43","modified_gmt":"2026-09-02T13:20:43","slug":"pgr-pede-anulacao-de-investigacao-sobre-conversas-de-moraes-e-vorcaro","status":"publish","type":"post","link":"https:\/\/www.folhaderondonianews.com\/news\/2026\/09\/02\/pgr-pede-anulacao-de-investigacao-sobre-conversas-de-moraes-e-vorcaro\/","title":{"rendered":"PGR pede anula\u00e7\u00e3o de investiga\u00e7\u00e3o sobre conversas de Moraes e Vorcaro"},"content":{"rendered":"<h2 class=\"linha-fina-noticia\">Gonet diz que Andr\u00e9 Mendon\u00e7a investigou Moraes ilegalmente.<\/h2>\n<div>\n<p><strong>ABr &#8211; O procurador-geral da Rep\u00fablica, Paulo Gonet, defendeu na noite desta ter\u00e7a-feira (1\u00ba) a <a href=\"https:\/\/agenciabrasil.ebc.com.br\/justica\/noticia\/2026-09\/pgr-deve-se-manifestar-sobre-supostas-conversas-entre-vorcaro-e-moraes\">nulidade da investiga\u00e7\u00e3o da Pol\u00edcia Federal (PF)\u00a0<\/a>que encontrou as mensagens trocadas entre o ex-banqueiro Daniel Vorcaro e o ministro Alexandre de Moraes, do Supremo Tribunal Federal (STF)<\/strong><img decoding=\"async\" data-src=\"https:\/\/agenciabrasil.ebc.com.br\/ebc.png?id=1701290&amp;o=node\" src=\"data:image\/svg+xml;base64,PHN2ZyB3aWR0aD0iMSIgaGVpZ2h0PSIxIiB4bWxucz0iaHR0cDovL3d3dy53My5vcmcvMjAwMC9zdmciPjwvc3ZnPg==\" class=\"lazyload\" \/><img decoding=\"async\" data-src=\"https:\/\/agenciabrasil.ebc.com.br\/ebc.gif?id=1701290&amp;o=node\" src=\"data:image\/svg+xml;base64,PHN2ZyB3aWR0aD0iMSIgaGVpZ2h0PSIxIiB4bWxucz0iaHR0cDovL3d3dy53My5vcmcvMjAwMC9zdmciPjwvc3ZnPg==\" class=\"lazyload\" \/><\/p>\n<p><strong>Na manifesta\u00e7\u00e3o enviada \u00e0 Corte, Gonet disse que o relator do caso, ministro Andr\u00e9 Mendon\u00e7a, investigou Moraes ilegalmente ao determinar\u00a0o aprofundamento da investiga\u00e7\u00e3o\u00a0<\/strong>sobre o caso Master para esmiu\u00e7ar as conversas envolvendo Moraes e o ex-banqueiro.<\/p>\n<p>No entendimento do procurador, o aprofundamento da apura\u00e7\u00e3o s\u00f3 poderia ocorrer ap\u00f3s autoriza\u00e7\u00e3o do plen\u00e1rio da Corte.<\/p>\n<p>No entendimento do procurador, eventual investiga\u00e7\u00e3o contra Moraes deveria ser direcionada o presidente da Corte, Edson Fachin, que levaria do caso ao plen\u00e1rio, e n\u00e3o diretamente para execu\u00e7\u00e3o da PF.<\/p>\n<blockquote><p>\u201cA ordem dada \u00e0 autoridade policial para investigar pessoas espec\u00edficas, sem pedido do Minist\u00e9rio P\u00fablico e sem iniciativa da autoridade policial, \u00e9 nula, por exceder os limites de compet\u00eancia do magistrado na fase pr\u00e9-processual\u201d, afirmou Gonet.<\/p><\/blockquote>\n<p>O parecer enviado ap\u00f3s Mendon\u00e7a pedir que a PGR se manifestasse sobre o relat\u00f3rio da PF que faz men\u00e7\u00f5es ao ministro Alexandre de Moraes e o pr\u00f3prio procurador-geral.<\/p>\n<p><strong>As cita\u00e7\u00f5es aos nomes de Moraes e Gonet foram captadas pela PF a partir da quebra de sigilo do celular do ex-banqueiro Daniel Vorcaro,<\/strong>\u00a0alvo das investiga\u00e7\u00f5es da Opera\u00e7\u00e3o Compliance Zero, que investiga fraudes financeiras no Banco Master. O sigilo do relat\u00f3rio de investiga\u00e7\u00e3o foi retirado nesta ter\u00e7a-feira (1\u00b0).<\/p>\n<\/div>\n","protected":false},"excerpt":{"rendered":"<div class=\"mh-excerpt\"><p>Gonet diz que Andr\u00e9 Mendon\u00e7a investigou Moraes ilegalmente.<\/p>\n<\/div>","protected":false},"author":1,"featured_media":41892,"comment_status":"open","ping_status":"closed","sticky":false,"template":"","format":"standard","meta":{"footnotes":""},"categories":[9],"tags":[],"class_list":["post-41891","post","type-post","status-publish","format-standard","has-post-thumbnail","hentry","category-politica"],"_links":{"self":[{"href":"https:\/\/www.folhaderondonianews.com\/news\/wp-json\/wp\/v2\/posts\/41891","targetHints":{"allow":["GET"]}}],"collection":[{"href":"https:\/\/www.folhaderondonianews.com\/news\/wp-json\/wp\/v2\/posts"}],"about":[{"href":"https:\/\/www.folhaderondonianews.com\/news\/wp-json\/wp\/v2\/types\/post"}],"author":[{"embeddable":true,"href":"https:\/\/www.folhaderondonianews.com\/news\/wp-json\/wp\/v2\/users\/1"}],"replies":[{"embeddable":true,"href":"https:\/\/www.folhaderondonianews.com\/news\/wp-json\/wp\/v2\/comments?post=41891"}],"version-history":[{"count":1,"href":"https:\/\/www.folhaderondonianews.com\/news\/wp-json\/wp\/v2\/posts\/41891\/revisions"}],"predecessor-version":[{"id":41893,"href":"https:\/\/www.folhaderondonianews.com\/news\/wp-json\/wp\/v2\/posts\/41891\/revisions\/41893"}],"wp:featuredmedia":[{"embeddable":true,"href":"https:\/\/www.folhaderondonianews.com\/news\/wp-json\/wp\/v2\/media\/41892"}],"wp:attachment":[{"href":"https:\/\/www.folhaderondonianews.com\/news\/wp-json\/wp\/v2\/media?parent=41891"}],"wp:term":[{"taxonomy":"category","embeddable":true,"href":"https:\/\/www.folhaderondonianews.com\/news\/wp-json\/wp\/v2\/categories?post=41891"},{"taxonomy":"post_tag","embeddable":true,"href":"https:\/\/www.folhaderondonianews.com\/news\/wp-json\/wp\/v2\/tags?post=41891"}],"curies":[{"name":"wp","href":"https:\/\/api.w.org\/{rel}","templated":true}]}}