{"id":41894,"date":"2026-09-02T09:25:39","date_gmt":"2026-09-02T13:25:39","guid":{"rendered":"https:\/\/www.folhaderondonianews.com\/news\/?p=41894"},"modified":"2026-09-02T09:25:39","modified_gmt":"2026-09-02T13:25:39","slug":"senado-aprova-indicacao-de-rodrigo-pacheco-para-o-tcu","status":"publish","type":"post","link":"https:\/\/www.folhaderondonianews.com\/news\/2026\/09\/02\/senado-aprova-indicacao-de-rodrigo-pacheco-para-o-tcu\/","title":{"rendered":"Senado aprova indica\u00e7\u00e3o de Rodrigo Pacheco para o TCU"},"content":{"rendered":"<h2 class=\"linha-fina-noticia\">Indica\u00e7\u00e3o contou com voto favor\u00e1vel de 63 senadores.<\/h2>\n<p><strong>ABr &#8211; O plen\u00e1rio do Senado Federal aprovou nesta ter\u00e7a-feira (1\u00ba) a indica\u00e7\u00e3o do senador Rodrigo Pacheco (PSB-MG) para o cargo de ministro do Tribunal de Contas da Uni\u00e3o (TCU). <\/strong><img decoding=\"async\" data-src=\"https:\/\/agenciabrasil.ebc.com.br\/ebc.png?id=1701304&amp;o=node\" src=\"data:image\/svg+xml;base64,PHN2ZyB3aWR0aD0iMSIgaGVpZ2h0PSIxIiB4bWxucz0iaHR0cDovL3d3dy53My5vcmcvMjAwMC9zdmciPjwvc3ZnPg==\" class=\"lazyload\" \/><img decoding=\"async\" data-src=\"https:\/\/agenciabrasil.ebc.com.br\/ebc.gif?id=1701304&amp;o=node\" src=\"data:image\/svg+xml;base64,PHN2ZyB3aWR0aD0iMSIgaGVpZ2h0PSIxIiB4bWxucz0iaHR0cDovL3d3dy53My5vcmcvMjAwMC9zdmciPjwvc3ZnPg==\" class=\"lazyload\" \/><\/p>\n<p>Foram 63 votos a favor e quatro contr\u00e1rios \u00e0 indica\u00e7\u00e3o, que segue agora para an\u00e1lise da C\u00e2mara dos Deputados.<\/p>\n<p><strong><a href=\"https:\/\/agenciabrasil.ebc.com.br\/justica\/noticia\/2026-08\/bruno-dantas-renuncia-ao-cargo-de-ministro-do-tcu\" target=\"_blank\" rel=\"noopener\">Pacheco foi indicado para substituir Bruno Dantas<\/a>, que renunciou ao cargo nesta semana.<\/strong><\/p>\n<p>O projeto de decreto legislativo que indica o nome de Pacheco ao cargo (PDL 995\/2026) foi apresentado pelo presidente do Senado, Davi Alcolumbre (Uni\u00e3o-AP), com apoio de outros 20 senadores e senadoras da base governista e da oposi\u00e7\u00e3o.<\/p>\n<p>&#8220;Eu sei o que representa um tribunal de contas em um pa\u00eds onde a qualidade do recurso p\u00fablico \u00e9 exigida para poder cumprir as pol\u00edticas p\u00fablicas que a popula\u00e7\u00e3o tanto anseia e nunca foi t\u00e3o importante para o pa\u00eds como agora&#8221;, afirmou Pacheco ao celebrar a aprova\u00e7\u00e3o na tribuna do plen\u00e1rio.<\/p>\n<p>Pacheco foi deputado federal, de 2015 a 2018, e presidiu o Senado por duas vezes, nos bi\u00eanios de 2021-2022 e 2023-2024.<\/p>\n<p>Nascido em 1976 e natural de Porto Velho, \u00e9 bacharel em direito pela Pontif\u00edcia Universidade Cat\u00f3lica de Minas Gerais (PUC-MG) e especialista em direito penal econ\u00f4mico internacional. Advogado criminalista, tamb\u00e9m foi conselheiro da Ordem dos Advogados do Brasil (OAB).<\/p>\n<p>Foi Pacheco quem presidiu o Senado durante a Comiss\u00e3o Parlamentar de Inqu\u00e9rito (CPI) da covid-19, durante a segunda e mais letal onda da pandemia, que incluiu crise de oxig\u00eanio em Manaus e a acelera\u00e7\u00e3o da vacina\u00e7\u00e3o.<\/p>\n<p>&#8220;Rodrigo Pacheco certamente ir\u00e1 abrilhantar o Tribunal de Contas da Uni\u00e3o, como o fez na condu\u00e7\u00e3o serena, s\u00e1bia e competente desta Casa. Al\u00e9m da inquestion\u00e1vel compet\u00eancia e conhecimentos de todos conhecidos, a gest\u00e3o do presidente Pacheco na presid\u00eancia do Senado Federal se deu em um momento de sobressaltos da vida brasileira, em meio a uma pandemia devastadora e bravatas autorit\u00e1rias. Tivemos nele a sobriedade de um verdadeiro democrata que soube nos conduzir em meio a uma tempestade para ancorarmos em um porto seguro&#8221;, afirmou o senador Renan Calheiros (MDB-AL), que foi relator da indica\u00e7\u00e3o de Pacheco ao TCU.<\/p>\n","protected":false},"excerpt":{"rendered":"<div class=\"mh-excerpt\"><p>Indica\u00e7\u00e3o contou com voto favor\u00e1vel de 63 senadores.<\/p>\n<\/div>","protected":false},"author":1,"featured_media":41895,"comment_status":"open","ping_status":"closed","sticky":false,"template":"","format":"standard","meta":{"footnotes":""},"categories":[9],"tags":[],"class_list":["post-41894","post","type-post","status-publish","format-standard","has-post-thumbnail","hentry","category-politica"],"_links":{"self":[{"href":"https:\/\/www.folhaderondonianews.com\/news\/wp-json\/wp\/v2\/posts\/41894","targetHints":{"allow":["GET"]}}],"collection":[{"href":"https:\/\/www.folhaderondonianews.com\/news\/wp-json\/wp\/v2\/posts"}],"about":[{"href":"https:\/\/www.folhaderondonianews.com\/news\/wp-json\/wp\/v2\/types\/post"}],"author":[{"embeddable":true,"href":"https:\/\/www.folhaderondonianews.com\/news\/wp-json\/wp\/v2\/users\/1"}],"replies":[{"embeddable":true,"href":"https:\/\/www.folhaderondonianews.com\/news\/wp-json\/wp\/v2\/comments?post=41894"}],"version-history":[{"count":1,"href":"https:\/\/www.folhaderondonianews.com\/news\/wp-json\/wp\/v2\/posts\/41894\/revisions"}],"predecessor-version":[{"id":41896,"href":"https:\/\/www.folhaderondonianews.com\/news\/wp-json\/wp\/v2\/posts\/41894\/revisions\/41896"}],"wp:featuredmedia":[{"embeddable":true,"href":"https:\/\/www.folhaderondonianews.com\/news\/wp-json\/wp\/v2\/media\/41895"}],"wp:attachment":[{"href":"https:\/\/www.folhaderondonianews.com\/news\/wp-json\/wp\/v2\/media?parent=41894"}],"wp:term":[{"taxonomy":"category","embeddable":true,"href":"https:\/\/www.folhaderondonianews.com\/news\/wp-json\/wp\/v2\/categories?post=41894"},{"taxonomy":"post_tag","embeddable":true,"href":"https:\/\/www.folhaderondonianews.com\/news\/wp-json\/wp\/v2\/tags?post=41894"}],"curies":[{"name":"wp","href":"https:\/\/api.w.org\/{rel}","templated":true}]}}